{"id":61687,"date":"2022-04-18T10:45:33","date_gmt":"2022-04-18T08:45:33","guid":{"rendered":"https:\/\/ingmar.app\/blogg\/?p=61687"},"modified":"2022-04-22T11:48:28","modified_gmt":"2022-04-22T09:48:28","slug":"veckomatsedel-vecka-15","status":"publish","type":"post","link":"https:\/\/ingmar.app\/blogg\/veckomatsedel-vecka-15\/","title":{"rendered":"Veckomatsedel barnfamilj vecka 15"},"content":{"rendered":"<p>Nedan veckomeny \u00e4r vad vi har \u00e4tit i veckan. Men kika g\u00e4rna in dessa veckomatsedlar:<\/p>\n<ul>\n<li><a href=\"https:\/\/ingmar.app\/blogg\/veckomatsedel-barn\/\">B\u00e4sta veckomatsedlarna f\u00f6r barnfamiljer<\/a><\/li>\n<li><a href=\"https:\/\/ingmar.app\/blogg\/veckomatsedel-husmanskost\/\">B\u00e4sta veckomatsedlar husmanskost<\/a><\/li>\n<\/ul>\n<p>Vill du ha en egen mall f\u00f6r din veckoplanering s\u00e5 kolla in dessa snygga\u00a0<a href=\"https:\/\/ingmar.app\/blogg\/veckomatsedel-mall-for-din-veckomeny\/\">mallar f\u00f6r veckomatsedel<\/a>\u00a0du kan skriva ut.<\/p>\n<h2>Veckomeny barn i vecka 15<\/h2>\n<p><strong>M\u00e5ndag:<br \/>\n<\/strong><div class=\"wprm-recipe wprm-recipe-roundup-item wprm-recipe-roundup-item-61634 wprm-recipe-template-svensk-roundup\" data-servings=\"4\"><div class=\"wprm-recipe-roundup-summary-container\">\n    <span class=\"wprm-recipe-name wprm-block-text-bold\">Pasta med gorgonzolas\u00e5s<\/span>\n    <div class=\"wprm-spacer\"><\/div>\n    \n    <div class=\"wprm-spacer\"><\/div>\n<span class=\"wprm-recipe-time wprm-block-text-normal\"><span class=\"wprm-recipe-details wprm-recipe-details-minutes wprm-recipe-total_time wprm-recipe-total_time-minutes\">15<\/span> <span class=\"wprm-recipe-details-unit wprm-recipe-details-minutes wprm-recipe-total_time-unit wprm-recipe-total_timeunit-minutes\">mins<\/span><\/span>\n<div class=\"wprm-spacer\"><\/div>\n    <a href=\"https:\/\/ingmar.app\/blogg\/pasta-med-gorgonzolasas\/\" style=\"color: #ffffff;background-color: #1dbf73;border-color: #1dbf73;border-radius: 5px;padding: 5px 10px;\" class=\"wprm-recipe-roundup-link wprm-recipe-link wprm-block-text-normal wprm-recipe-roundup-link-inline-button wprm-recipe-link-inline-button wprm-color-accent\" aria-label=\"Pasta med gorgonzolas\u00e5s\">Kolla in receptet h\u00e4r<\/a>\n\n<\/div>\n<div class=\"wprm-recipe-image wprm-block-image-rounded\"><a href=\"https:\/\/ingmar.app\/blogg\/pasta-med-gorgonzolasas\/\"><img decoding=\"async\" style=\"border-width: 0px;border-style: solid;border-color: #666666;border-radius: 5px;\" width=\"200\" height=\"200\" src=\"https:\/\/ingmar.app\/blogg\/wp-content\/uploads\/2022\/04\/Pasta-med-gorgonzolasa\u030as-320x321.jpg\" class=\"attachment-200x200 size-200x200\" alt=\"Pasta med gorgonzolasa\u030as\" srcset=\"https:\/\/ingmar.app\/blogg\/wp-content\/uploads\/2022\/04\/Pasta-med-gorgonzolasa\u030as-320x321.jpg 320w, https:\/\/ingmar.app\/blogg\/wp-content\/uploads\/2022\/04\/Pasta-med-gorgonzolasa\u030as-150x150.jpg 150w, https:\/\/ingmar.app\/blogg\/wp-content\/uploads\/2022\/04\/Pasta-med-gorgonzolasa\u030as-500x500.jpg 500w\" sizes=\"(max-width: 200px) 100vw, 200px\" \/><\/a><\/div><\/div>\n<p>&nbsp;<\/p>\n<p><strong>Tisdag:<br \/>\n<\/strong><div class=\"wprm-recipe wprm-recipe-roundup-item wprm-recipe-roundup-item-61617 wprm-recipe-template-svensk-roundup\" data-servings=\"4\"><div class=\"wprm-recipe-roundup-summary-container\">\n    <span class=\"wprm-recipe-name wprm-block-text-bold\">Renskavsgryta med bacon och kantareller<\/span>\n    <div class=\"wprm-spacer\"><\/div>\n    \n    <div class=\"wprm-spacer\"><\/div>\n<span class=\"wprm-recipe-time wprm-block-text-normal\"><span class=\"wprm-recipe-details wprm-recipe-details-minutes wprm-recipe-total_time wprm-recipe-total_time-minutes\">30<\/span> <span class=\"wprm-recipe-details-unit wprm-recipe-details-minutes wprm-recipe-total_time-unit wprm-recipe-total_timeunit-minutes\">mins<\/span><\/span>\n<div class=\"wprm-spacer\"><\/div>\n    <a href=\"https:\/\/ingmar.app\/blogg\/renskavsgryta-med-bacon-och-kantareller\/\" style=\"color: #ffffff;background-color: #1dbf73;border-color: #1dbf73;border-radius: 5px;padding: 5px 10px;\" class=\"wprm-recipe-roundup-link wprm-recipe-link wprm-block-text-normal wprm-recipe-roundup-link-inline-button wprm-recipe-link-inline-button wprm-color-accent\" aria-label=\"Renskavsgryta med bacon och kantareller\">Kolla in receptet h\u00e4r<\/a>\n\n<\/div>\n<div class=\"wprm-recipe-image wprm-block-image-rounded\"><a href=\"https:\/\/ingmar.app\/blogg\/renskavsgryta-med-bacon-och-kantareller\/\"><img decoding=\"async\" style=\"border-width: 0px;border-style: solid;border-color: #666666;border-radius: 5px;\" width=\"200\" height=\"200\" src=\"https:\/\/ingmar.app\/blogg\/wp-content\/uploads\/2022\/04\/Renskavsgryta-320x321.jpg\" class=\"attachment-200x200 size-200x200\" alt=\"Renskavsgryta\" srcset=\"https:\/\/ingmar.app\/blogg\/wp-content\/uploads\/2022\/04\/Renskavsgryta-320x321.jpg 320w, https:\/\/ingmar.app\/blogg\/wp-content\/uploads\/2022\/04\/Renskavsgryta-150x150.jpg 150w, https:\/\/ingmar.app\/blogg\/wp-content\/uploads\/2022\/04\/Renskavsgryta-500x500.jpg 500w\" sizes=\"(max-width: 200px) 100vw, 200px\" \/><\/a><\/div><\/div>\n<p>&nbsp;<\/p>\n<p><strong>Onsdag:<br \/>\n<\/strong><div class=\"wprm-recipe wprm-recipe-roundup-item wprm-recipe-roundup-item-61674 wprm-recipe-template-svensk-roundup\" data-servings=\"4\"><div class=\"wprm-recipe-roundup-summary-container\">\n    <span class=\"wprm-recipe-name wprm-block-text-bold\">Quesadillas<\/span>\n    <div class=\"wprm-spacer\"><\/div>\n    <div class=\"wprm-recipe-summary wprm-block-text-normal\"><span style=\"display: block;\">Supersnabb vardagsr\u00e4ddare. Anv\u00e4nd 2 stekpannor s\u00e5 alla kan f\u00e5 lite mat samtidigt. Servera helst med gr\u00e4ddfil och guacamole.<\/span><\/div>\n    <div class=\"wprm-spacer\"><\/div>\n<span class=\"wprm-recipe-time wprm-block-text-normal\"><span class=\"wprm-recipe-details wprm-recipe-details-minutes wprm-recipe-total_time wprm-recipe-total_time-minutes\">20<\/span> <span class=\"wprm-recipe-details-unit wprm-recipe-details-minutes wprm-recipe-total_time-unit wprm-recipe-total_timeunit-minutes\">mins<\/span><\/span>\n<div class=\"wprm-spacer\"><\/div>\n    <a href=\"https:\/\/ingmar.app\/blogg\/quesadillas\/\" style=\"color: #ffffff;background-color: #1dbf73;border-color: #1dbf73;border-radius: 5px;padding: 5px 10px;\" class=\"wprm-recipe-roundup-link wprm-recipe-link wprm-block-text-normal wprm-recipe-roundup-link-inline-button wprm-recipe-link-inline-button wprm-color-accent\" aria-label=\"Quesadillas\">Kolla in receptet h\u00e4r<\/a>\n\n<\/div>\n<div class=\"wprm-recipe-image wprm-block-image-rounded\"><a href=\"https:\/\/ingmar.app\/blogg\/quesadillas\/\"><img decoding=\"async\" style=\"border-width: 0px;border-style: solid;border-color: #666666;border-radius: 5px;\" width=\"200\" height=\"200\" src=\"https:\/\/ingmar.app\/blogg\/wp-content\/uploads\/2022\/04\/Quesadillas-320x321.jpg\" class=\"attachment-200x200 size-200x200\" alt=\"Quesadillas\" srcset=\"https:\/\/ingmar.app\/blogg\/wp-content\/uploads\/2022\/04\/Quesadillas-320x321.jpg 320w, https:\/\/ingmar.app\/blogg\/wp-content\/uploads\/2022\/04\/Quesadillas-150x150.jpg 150w, https:\/\/ingmar.app\/blogg\/wp-content\/uploads\/2022\/04\/Quesadillas-500x500.jpg 500w\" sizes=\"(max-width: 200px) 100vw, 200px\" \/><\/a><\/div><\/div>\n<p>&nbsp;<\/p>\n<p><strong>Torsdag:<br \/>\n<\/strong><a href=\"https:\/\/ingmar.app\/blogg\/sotpotatismos\/\">S\u00f6tpotatismos<\/a> med vegoschnitzel och kokt broccoli<\/p>\n<p>&nbsp;<\/p>\n<p><strong>Fredag:<br \/>\n<\/strong><div class=\"wprm-recipe wprm-recipe-roundup-item wprm-recipe-roundup-item-56279 wprm-recipe-template-svensk-roundup\" data-servings=\"4\"><div class=\"wprm-recipe-roundup-summary-container\">\n    <span class=\"wprm-recipe-name wprm-block-text-bold\">Potatis och purjol\u00f6kssoppa<\/span>\n    <div class=\"wprm-spacer\"><\/div>\n    <div class=\"wprm-recipe-summary wprm-block-text-normal\"><span style=\"display: block;\">Denna potatis och purjol\u00f6kssoppa g\u00e5r verkligen hem hos barnen. Vitl\u00f6ksbr\u00f6den som tillbeh\u00f6r f\u00e5r du bara inte missa!<\/span><\/div>\n    <div class=\"wprm-spacer\"><\/div>\n<span class=\"wprm-recipe-time wprm-block-text-normal\"><span class=\"wprm-recipe-details wprm-recipe-details-minutes wprm-recipe-total_time wprm-recipe-total_time-minutes\">30<\/span> <span class=\"wprm-recipe-details-unit wprm-recipe-details-minutes wprm-recipe-total_time-unit wprm-recipe-total_timeunit-minutes\">mins<\/span><\/span>\n<div class=\"wprm-spacer\"><\/div>\n    <a href=\"https:\/\/ingmar.app\/blogg\/potatis-och-purjolokssoppa-med-enkelt-vitloksbrod\/\" style=\"color: #ffffff;background-color: #1dbf73;border-color: #1dbf73;border-radius: 5px;padding: 5px 10px;\" class=\"wprm-recipe-roundup-link wprm-recipe-link wprm-block-text-normal wprm-recipe-roundup-link-inline-button wprm-recipe-link-inline-button wprm-color-accent\" aria-label=\"Potatis och purjol\u00f6kssoppa\">Kolla in receptet h\u00e4r<\/a>\n\n<\/div>\n<div class=\"wprm-recipe-image wprm-block-image-rounded\"><a href=\"https:\/\/ingmar.app\/blogg\/potatis-och-purjolokssoppa-med-enkelt-vitloksbrod\/\"><img decoding=\"async\" style=\"border-width: 0px;border-style: solid;border-color: #666666;border-radius: 5px;\" width=\"200\" height=\"200\" src=\"https:\/\/ingmar.app\/blogg\/wp-content\/uploads\/2021\/06\/Potatis-och-purjolo\u0308kssoppa-320x321.jpg\" class=\"attachment-200x200 size-200x200\" alt=\"Potatis och purjolo\u0308kssoppa\" srcset=\"https:\/\/ingmar.app\/blogg\/wp-content\/uploads\/2021\/06\/Potatis-och-purjolo\u0308kssoppa-320x321.jpg 320w, https:\/\/ingmar.app\/blogg\/wp-content\/uploads\/2021\/06\/Potatis-och-purjolo\u0308kssoppa-100x100.jpg 100w, https:\/\/ingmar.app\/blogg\/wp-content\/uploads\/2021\/06\/Potatis-och-purjolo\u0308kssoppa-150x150.jpg 150w, https:\/\/ingmar.app\/blogg\/wp-content\/uploads\/2021\/06\/Potatis-och-purjolo\u0308kssoppa-500x500.jpg 500w\" sizes=\"(max-width: 200px) 100vw, 200px\" \/><\/a><\/div><\/div>\n<p>&nbsp;<\/p>\n<p><strong>L\u00f6rdag fika:<br \/>\n<\/strong><div class=\"wprm-recipe wprm-recipe-roundup-item wprm-recipe-roundup-item-61659 wprm-recipe-template-svensk-roundup\" data-servings=\"12\"><div class=\"wprm-recipe-roundup-summary-container\">\n    <span class=\"wprm-recipe-name wprm-block-text-bold\">P\u00e5skt\u00e5rta<\/span>\n    <div class=\"wprm-spacer\"><\/div>\n    \n    <div class=\"wprm-spacer\"><\/div>\n<span class=\"wprm-recipe-time wprm-block-text-normal\"><span class=\"wprm-recipe-details wprm-recipe-details-hours wprm-recipe-total_time wprm-recipe-total_time-hours\">1<\/span> <span class=\"wprm-recipe-details-unit wprm-recipe-details-unit-hours wprm-recipe-total_time-unit wprm-recipe-total_timeunit-hours\">hr<\/span> <span class=\"wprm-recipe-details wprm-recipe-details-minutes wprm-recipe-total_time wprm-recipe-total_time-minutes\">30<\/span> <span class=\"wprm-recipe-details-unit wprm-recipe-details-minutes wprm-recipe-total_time-unit wprm-recipe-total_timeunit-minutes\">mins<\/span><\/span>\n<div class=\"wprm-spacer\"><\/div>\n    <a href=\"https:\/\/ingmar.app\/blogg\/pasktarta\/\" style=\"color: #ffffff;background-color: #1dbf73;border-color: #1dbf73;border-radius: 5px;padding: 5px 10px;\" class=\"wprm-recipe-roundup-link wprm-recipe-link wprm-block-text-normal wprm-recipe-roundup-link-inline-button wprm-recipe-link-inline-button wprm-color-accent\" aria-label=\"P\u00e5skt\u00e5rta\">Kolla in receptet h\u00e4r<\/a>\n\n<\/div>\n<div class=\"wprm-recipe-image wprm-block-image-rounded\"><a href=\"https:\/\/ingmar.app\/blogg\/pasktarta\/\"><img decoding=\"async\" style=\"border-width: 0px;border-style: solid;border-color: #666666;border-radius: 5px;\" width=\"200\" height=\"200\" src=\"https:\/\/ingmar.app\/blogg\/wp-content\/uploads\/2022\/04\/Pa\u030askta\u030arta-320x321.jpg\" class=\"attachment-200x200 size-200x200\" alt=\"Pa\u030askta\u030arta\" srcset=\"https:\/\/ingmar.app\/blogg\/wp-content\/uploads\/2022\/04\/Pa\u030askta\u030arta-320x321.jpg 320w, https:\/\/ingmar.app\/blogg\/wp-content\/uploads\/2022\/04\/Pa\u030askta\u030arta-150x150.jpg 150w, https:\/\/ingmar.app\/blogg\/wp-content\/uploads\/2022\/04\/Pa\u030askta\u030arta-500x500.jpg 500w\" sizes=\"(max-width: 200px) 100vw, 200px\" \/><\/a><\/div><\/div>\n<p>&nbsp;<\/p>\n<p><strong>L\u00f6rdag middag:<br \/>\n<\/strong><div class=\"wprm-recipe wprm-recipe-roundup-item wprm-recipe-roundup-item-61634 wprm-recipe-template-svensk-roundup\" data-servings=\"4\"><div class=\"wprm-recipe-roundup-summary-container\">\n    <span class=\"wprm-recipe-name wprm-block-text-bold\">Pasta med gorgonzolas\u00e5s<\/span>\n    <div class=\"wprm-spacer\"><\/div>\n    \n    <div class=\"wprm-spacer\"><\/div>\n<span class=\"wprm-recipe-time wprm-block-text-normal\"><span class=\"wprm-recipe-details wprm-recipe-details-minutes wprm-recipe-total_time wprm-recipe-total_time-minutes\">15<\/span> <span class=\"wprm-recipe-details-unit wprm-recipe-details-minutes wprm-recipe-total_time-unit wprm-recipe-total_timeunit-minutes\">mins<\/span><\/span>\n<div class=\"wprm-spacer\"><\/div>\n    <a href=\"https:\/\/ingmar.app\/blogg\/pasta-med-gorgonzolasas\/\" style=\"color: #ffffff;background-color: #1dbf73;border-color: #1dbf73;border-radius: 5px;padding: 5px 10px;\" class=\"wprm-recipe-roundup-link wprm-recipe-link wprm-block-text-normal wprm-recipe-roundup-link-inline-button wprm-recipe-link-inline-button wprm-color-accent\" aria-label=\"Pasta med gorgonzolas\u00e5s\">Kolla in receptet h\u00e4r<\/a>\n\n<\/div>\n<div class=\"wprm-recipe-image wprm-block-image-rounded\"><a href=\"https:\/\/ingmar.app\/blogg\/pasta-med-gorgonzolasas\/\"><img decoding=\"async\" style=\"border-width: 0px;border-style: solid;border-color: #666666;border-radius: 5px;\" width=\"200\" height=\"200\" src=\"https:\/\/ingmar.app\/blogg\/wp-content\/uploads\/2022\/04\/Pasta-med-gorgonzolasa\u030as-320x321.jpg\" class=\"attachment-200x200 size-200x200\" alt=\"Pasta med gorgonzolasa\u030as\" srcset=\"https:\/\/ingmar.app\/blogg\/wp-content\/uploads\/2022\/04\/Pasta-med-gorgonzolasa\u030as-320x321.jpg 320w, https:\/\/ingmar.app\/blogg\/wp-content\/uploads\/2022\/04\/Pasta-med-gorgonzolasa\u030as-150x150.jpg 150w, https:\/\/ingmar.app\/blogg\/wp-content\/uploads\/2022\/04\/Pasta-med-gorgonzolasa\u030as-500x500.jpg 500w\" sizes=\"(max-width: 200px) 100vw, 200px\" \/><\/a><\/div><\/div>\n<p>&nbsp;<\/p>\n<p><strong>S\u00f6ndag middag:<br \/>\n<\/strong><div class=\"wprm-recipe wprm-recipe-roundup-item wprm-recipe-roundup-item-61691 wprm-recipe-template-svensk-roundup\" data-servings=\"4\"><div class=\"wprm-recipe-roundup-summary-container\">\n    <span class=\"wprm-recipe-name wprm-block-text-bold\">Glutenfria pannkakor - bovetepannkakor<\/span>\n    <div class=\"wprm-spacer\"><\/div>\n    <div class=\"wprm-recipe-summary wprm-block-text-normal\"><span style=\"display: block;\">Det h\u00e4r receptet ger ca 27 tunna pannkakor vilket borde r\u00e4cka till 4 personer.<\/span><\/div>\n    <div class=\"wprm-spacer\"><\/div>\n<span class=\"wprm-recipe-time wprm-block-text-normal\"><span class=\"wprm-recipe-details wprm-recipe-details-minutes wprm-recipe-total_time wprm-recipe-total_time-minutes\">35<\/span> <span class=\"wprm-recipe-details-unit wprm-recipe-details-minutes wprm-recipe-total_time-unit wprm-recipe-total_timeunit-minutes\">mins<\/span><\/span>\n<div class=\"wprm-spacer\"><\/div>\n    <a href=\"https:\/\/ingmar.app\/blogg\/bovetepannkakor\/\" style=\"color: #ffffff;background-color: #1dbf73;border-color: #1dbf73;border-radius: 5px;padding: 5px 10px;\" class=\"wprm-recipe-roundup-link wprm-recipe-link wprm-block-text-normal wprm-recipe-roundup-link-inline-button wprm-recipe-link-inline-button wprm-color-accent\" aria-label=\"Glutenfria pannkakor - bovetepannkakor\">Kolla in receptet h\u00e4r<\/a>\n\n<\/div>\n<div class=\"wprm-recipe-image wprm-block-image-rounded\"><a href=\"https:\/\/ingmar.app\/blogg\/bovetepannkakor\/\"><img decoding=\"async\" style=\"border-width: 0px;border-style: solid;border-color: #666666;border-radius: 5px;\" width=\"200\" height=\"200\" src=\"https:\/\/ingmar.app\/blogg\/wp-content\/uploads\/2022\/04\/Glutenfria-pannkakor-bovetapannkakor-320x321.jpg\" class=\"attachment-200x200 size-200x200\" alt=\"Glutenfria pannkakor - bovetapannkakor\" srcset=\"https:\/\/ingmar.app\/blogg\/wp-content\/uploads\/2022\/04\/Glutenfria-pannkakor-bovetapannkakor-320x321.jpg 320w, https:\/\/ingmar.app\/blogg\/wp-content\/uploads\/2022\/04\/Glutenfria-pannkakor-bovetapannkakor-150x150.jpg 150w, https:\/\/ingmar.app\/blogg\/wp-content\/uploads\/2022\/04\/Glutenfria-pannkakor-bovetapannkakor-500x500.jpg 500w\" sizes=\"(max-width: 200px) 100vw, 200px\" \/><\/a><\/div><\/div>\n<p>&nbsp;<\/p>\n<h3>Tidigare veckomatsedlar<\/h3>\n<p><a href=\"https:\/\/ingmar.app\/blogg\/veckomatsedel-vecka-9\/\">Veckomatsedel f\u00f6r vecka 9<\/a><\/p>\n<p><a href=\"https:\/\/ingmar.app\/blogg\/veckomatsedel-vecka-10\/\">Veckomatsedel f\u00f6r vecka 10<\/a><\/p>\n<p><a href=\"https:\/\/ingmar.app\/blogg\/veckomatsedel-vecka-11\/\">Veckomatsedel f\u00f6r vecka 11<\/a><\/p>\n<p><a href=\"https:\/\/ingmar.app\/blogg\/veckomatsedel-vecka-12\/\">Veckomatsedel f\u00f6r vecka 12<\/a><\/p>\n<p><a href=\"https:\/\/ingmar.app\/blogg\/veckomatsedel-vecka-13\/\">Veckomatsedel f\u00f6r vecka 13<\/a><\/p>\n<p><a href=\"https:\/\/ingmar.app\/blogg\/veckomatsedel-vecka-14\/\">Veckomatsedel f\u00f6r vecka 14<\/a><\/p>\n<p>&nbsp;<\/p>\n<p><strong>Missa inte att kolla in p\u00e5 v\u00e5r stora lista med\u00a0<a href=\"https:\/\/ingmar.app\/blogg\/middagstips-barn-lista-med-vardagsmat-for-barnfamiljer\/\">Middagstips<\/a>\u00a0f\u00f6r barnfamiljer. Vill du f\u00e5 mer kontinuerlig inspiration och tips av andra barnfamiljer s\u00e5 g\u00e5 d\u00e5 med i v\u00e5r Facebookgrupp:\u00a0<a href=\"https:\/\/www.facebook.com\/groups\/middagstipsbarn\" target=\"_blank\" rel=\"noopener\" class=\"broken_link\">Middagstips barn.<\/a><\/strong><\/p>\n","protected":false},"excerpt":{"rendered":"<p>Nedan veckomeny \u00e4r vad vi har \u00e4tit i veckan. Men kika g\u00e4rna in dessa veckomatsedlar: B\u00e4sta veckomatsedlarna f\u00f6r barnfamiljer B\u00e4sta veckomatsedlar husmanskost Vill du ha en egen mall f\u00f6r din veckoplanering s\u00e5 kolla in dessa snygga\u00a0mallar f\u00f6r veckomatsedel\u00a0du kan skriva ut. Veckomeny barn i vecka 15 M\u00e5ndag: &nbsp; Tisdag: &nbsp; Onsdag: &nbsp; Torsdag: S\u00f6tpotatismos med&#8230;<\/p>\n<p><a class=\"more-link\" href=\"https:\/\/ingmar.app\/blogg\/veckomatsedel-vecka-15\/\">L\u00e4s mer<\/a><\/p>\n","protected":false},"author":1,"featured_media":0,"comment_status":"open","ping_status":"open","sticky":false,"template":"","format":"standard","meta":{"wprm-recipe-roundup-name":"","wprm-recipe-roundup-description":"","_genesis_hide_title":false,"_genesis_hide_breadcrumbs":false,"_genesis_hide_singular_image":false,"_genesis_hide_footer_widgets":false,"_genesis_custom_body_class":"","_genesis_custom_post_class":"","_genesis_layout":"","footnotes":""},"categories":[3335],"tags":[],"class_list":{"0":"post-61687","1":"post","2":"type-post","3":"status-publish","4":"format-standard","6":"category-veckomatsedel","7":"entry"},"jetpack_featured_media_url":"","jetpack-related-posts":[{"id":61447,"url":"https:\/\/ingmar.app\/blogg\/veckomatsedel-vecka-12\/","url_meta":{"origin":61687,"position":0},"title":"Veckomatsedel barnfamilj vecka 12","date":"March 27, 2022","format":false,"excerpt":"Nedan veckomeny \u00e4r vad vi har \u00e4tit i veckan. Men kika g\u00e4rna in dessa veckomatsedlar: B\u00e4sta veckomatsedlarna f\u00f6r barnfamiljer B\u00e4sta veckomatsedlar husmanskost Vill du ha en egen mall f\u00f6r din veckoplanering s\u00e5 kolla in dessa snygga\u00a0mallar f\u00f6r veckomatsedel\u00a0du kan skriva ut. Veckomeny barn i vecka 12 M\u00e5ndag: R\u00e5stekt potatis med\u2026","rel":"","context":"In &quot;Veckomatsedel&quot;","img":{"alt_text":"","src":"","width":0,"height":0},"classes":[]},{"id":62103,"url":"https:\/\/ingmar.app\/blogg\/veckomatsedel-vecka-23\/","url_meta":{"origin":61687,"position":1},"title":"Veckomatsedel barnfamilj vecka 23","date":"June 12, 2022","format":false,"excerpt":"Nedan veckomeny \u00e4r vad vi har \u00e4tit i veckan. Men kika g\u00e4rna in dessa veckomatsedlar: B\u00e4sta veckomatsedlarna f\u00f6r barnfamiljer B\u00e4sta veckomatsedlar husmanskost Vill du ha en egen mall f\u00f6r din veckoplanering s\u00e5 kolla in dessa snygga\u00a0mallar f\u00f6r veckomatsedel\u00a0du kan skriva ut. Veckomeny barn i vecka 23 M\u00e5ndag: \u00a0 Tisdag: \u00a0\u2026","rel":"","context":"In &quot;Veckomatsedel&quot;","img":{"alt_text":"","src":"","width":0,"height":0},"classes":[]},{"id":61397,"url":"https:\/\/ingmar.app\/blogg\/veckomatsedel-vecka-11\/","url_meta":{"origin":61687,"position":2},"title":"Veckomatsedel barnfamilj vecka 11","date":"March 20, 2022","format":false,"excerpt":"Nedan veckomeny \u00e4r vad vi har \u00e4tit i veckan. Men kika g\u00e4rna in dessa veckomatsedlar: B\u00e4sta veckomatsedlarna f\u00f6r barnfamiljer B\u00e4sta veckomatsedlar husmanskost Vill du ha en egen mall f\u00f6r din veckoplanering s\u00e5 kolla in dessa snygga\u00a0mallar f\u00f6r veckomatsedel\u00a0du kan skriva ut. Veckomeny barn i vecka 11 M\u00e5ndag: \u00a0 Tisdag: \u00a0\u2026","rel":"","context":"In &quot;Veckomatsedel&quot;","img":{"alt_text":"","src":"","width":0,"height":0},"classes":[]},{"id":63054,"url":"https:\/\/ingmar.app\/blogg\/veckomatsedel-vecka-35\/","url_meta":{"origin":61687,"position":3},"title":"Veckomatsedel barnfamilj vecka 35","date":"September 11, 2022","format":false,"excerpt":"Nedan veckomeny \u00e4r vad vi har \u00e4tit i veckan. Men kika g\u00e4rna in dessa veckomatsedlar: B\u00e4sta veckomatsedlarna f\u00f6r barnfamiljer B\u00e4sta veckomatsedlar husmanskost Vill du ha en egen mall f\u00f6r din veckoplanering s\u00e5 kolla in dessa snygga\u00a0mallar f\u00f6r veckomatsedel\u00a0du kan skriva ut. Veckomeny barn i vecka 35 M\u00e5ndag: \u00a0 Tisdag: \u00a0\u2026","rel":"","context":"In &quot;Veckomatsedel&quot;","img":{"alt_text":"","src":"","width":0,"height":0},"classes":[]},{"id":63598,"url":"https:\/\/ingmar.app\/blogg\/veckomatsedel-vecka-51\/","url_meta":{"origin":61687,"position":4},"title":"Veckomatsedel barnfamilj vecka 51","date":"December 27, 2022","format":false,"excerpt":"Nedan veckomeny \u00e4r vad vi har \u00e4tit i veckan. Denna vecka \u00e4r ju lite mer speciell \u00e4n en vanlig vecka d\u00e5 det \u00e4r \u00f6ver julen! Men kika g\u00e4rna in dessa veckomatsedlar: B\u00e4sta veckomatsedlarna f\u00f6r barnfamiljer B\u00e4sta veckomatsedlar husmanskost Vill du ha en egen mall f\u00f6r din veckoplanering s\u00e5 kolla in\u2026","rel":"","context":"In &quot;Veckomatsedel&quot;","img":{"alt_text":"","src":"","width":0,"height":0},"classes":[]},{"id":62138,"url":"https:\/\/ingmar.app\/blogg\/veckomatsedel-vecka-24\/","url_meta":{"origin":61687,"position":5},"title":"Veckomatsedel barnfamilj vecka 24","date":"June 19, 2022","format":false,"excerpt":"Nedan veckomeny \u00e4r vad vi har \u00e4tit i veckan. Men kika g\u00e4rna in dessa veckomatsedlar: B\u00e4sta veckomatsedlarna f\u00f6r barnfamiljer B\u00e4sta veckomatsedlar husmanskost Vill du ha en egen mall f\u00f6r din veckoplanering s\u00e5 kolla in dessa snygga\u00a0mallar f\u00f6r veckomatsedel\u00a0du kan skriva ut. Veckomeny barn i vecka 24 M\u00e5ndag: \u00a0 Tisdag: Tacos\u2026","rel":"","context":"In &quot;Veckomatsedel&quot;","img":{"alt_text":"","src":"","width":0,"height":0},"classes":[]}],"_links":{"self":[{"href":"https:\/\/ingmar.app\/blogg\/wp-json\/wp\/v2\/posts\/61687","targetHints":{"allow":["GET"]}}],"collection":[{"href":"https:\/\/ingmar.app\/blogg\/wp-json\/wp\/v2\/posts"}],"about":[{"href":"https:\/\/ingmar.app\/blogg\/wp-json\/wp\/v2\/types\/post"}],"author":[{"embeddable":true,"href":"https:\/\/ingmar.app\/blogg\/wp-json\/wp\/v2\/users\/1"}],"replies":[{"embeddable":true,"href":"https:\/\/ingmar.app\/blogg\/wp-json\/wp\/v2\/comments?post=61687"}],"version-history":[{"count":6,"href":"https:\/\/ingmar.app\/blogg\/wp-json\/wp\/v2\/posts\/61687\/revisions"}],"predecessor-version":[{"id":61729,"href":"https:\/\/ingmar.app\/blogg\/wp-json\/wp\/v2\/posts\/61687\/revisions\/61729"}],"wp:attachment":[{"href":"https:\/\/ingmar.app\/blogg\/wp-json\/wp\/v2\/media?parent=61687"}],"wp:term":[{"taxonomy":"category","embeddable":true,"href":"https:\/\/ingmar.app\/blogg\/wp-json\/wp\/v2\/categories?post=61687"},{"taxonomy":"post_tag","embeddable":true,"href":"https:\/\/ingmar.app\/blogg\/wp-json\/wp\/v2\/tags?post=61687"}],"curies":[{"name":"wp","href":"https:\/\/api.w.org\/{rel}","templated":true}]}}