{"id":63166,"date":"2022-10-02T08:32:34","date_gmt":"2022-10-02T06:32:34","guid":{"rendered":"https:\/\/ingmar.app\/blogg\/?p=63166"},"modified":"2022-10-02T08:32:34","modified_gmt":"2022-10-02T06:32:34","slug":"veckomatsedel-vecka-38","status":"publish","type":"post","link":"https:\/\/ingmar.app\/blogg\/veckomatsedel-vecka-38\/","title":{"rendered":"Veckomatsedel barnfamilj vecka 38"},"content":{"rendered":"<p>Nedan veckomeny \u00e4r vad vi har \u00e4tit i veckan. Men kika g\u00e4rna in dessa veckomatsedlar:<\/p>\n<ul>\n<li><a href=\"https:\/\/ingmar.app\/blogg\/veckomatsedel-barn\/\">B\u00e4sta veckomatsedlarna f\u00f6r barnfamiljer<\/a><\/li>\n<li><a href=\"https:\/\/ingmar.app\/blogg\/veckomatsedel-husmanskost\/\">B\u00e4sta veckomatsedlar husmanskost<\/a><\/li>\n<\/ul>\n<p>Vill du ha en egen mall f\u00f6r din veckoplanering s\u00e5 kolla in dessa snygga\u00a0<a href=\"https:\/\/ingmar.app\/blogg\/veckomatsedel-mall-for-din-veckomeny\/\">mallar f\u00f6r veckomatsedel<\/a>\u00a0du kan skriva ut.<\/p>\n<h2>Veckomeny barn i vecka 38<\/h2>\n<p><strong>M\u00e5ndag:<\/strong><\/p>\n<p>Pasta med tomats\u00e5s och kalkonbacon<\/p>\n<p>&nbsp;<\/p>\n<p><strong>Tisdag:<\/strong><\/p>\n<div class=\"wprm-recipe wprm-recipe-roundup-item wprm-recipe-roundup-item-57051 wprm-recipe-template-svensk-roundup\" data-servings=\"6\"><div class=\"wprm-recipe-roundup-summary-container\">\n    <span class=\"wprm-recipe-name wprm-block-text-bold\">Minestronesoppa utan selleri<\/span>\n    <div class=\"wprm-spacer\"><\/div>\n    <div class=\"wprm-recipe-summary wprm-block-text-normal\"><span style=\"display: block;\">En klassisk minestronesoppa (f\u00f6rutom att vi inte tar med selleri). \u00c4ven en lista med tips p\u00e5 hur du kan justera efter vad du har.<\/span><\/div>\n    <div class=\"wprm-spacer\"><\/div>\n<span class=\"wprm-recipe-time wprm-block-text-normal\"><span class=\"wprm-recipe-details wprm-recipe-details-minutes wprm-recipe-total_time wprm-recipe-total_time-minutes\">45<\/span> <span class=\"wprm-recipe-details-unit wprm-recipe-details-minutes wprm-recipe-total_time-unit wprm-recipe-total_timeunit-minutes\">mins<\/span><\/span>\n<div class=\"wprm-spacer\"><\/div>\n    <a href=\"https:\/\/ingmar.app\/blogg\/minestronesoppa-utan-selleri\/\" style=\"color: #ffffff;background-color: #1dbf73;border-color: #1dbf73;border-radius: 5px;padding: 5px 10px;\" class=\"wprm-recipe-roundup-link wprm-recipe-link wprm-block-text-normal wprm-recipe-roundup-link-inline-button wprm-recipe-link-inline-button wprm-color-accent\" aria-label=\"Minestronesoppa utan selleri\">Kolla in receptet h\u00e4r<\/a>\n\n<\/div>\n<div class=\"wprm-recipe-image wprm-block-image-rounded\"><a href=\"https:\/\/ingmar.app\/blogg\/minestronesoppa-utan-selleri\/\"><img decoding=\"async\" style=\"border-width: 0px;border-style: solid;border-color: #666666;border-radius: 5px;\" width=\"200\" height=\"200\" src=\"https:\/\/ingmar.app\/blogg\/wp-content\/uploads\/2021\/08\/Minestronesoppa-320x321.jpg\" class=\"attachment-200x200 size-200x200\" alt=\"Minestronesoppa\" srcset=\"https:\/\/ingmar.app\/blogg\/wp-content\/uploads\/2021\/08\/Minestronesoppa-320x321.jpg 320w, https:\/\/ingmar.app\/blogg\/wp-content\/uploads\/2021\/08\/Minestronesoppa-100x100.jpg 100w, https:\/\/ingmar.app\/blogg\/wp-content\/uploads\/2021\/08\/Minestronesoppa-150x150.jpg 150w, https:\/\/ingmar.app\/blogg\/wp-content\/uploads\/2021\/08\/Minestronesoppa-500x500.jpg 500w\" sizes=\"(max-width: 200px) 100vw, 200px\" \/><\/a><\/div><\/div>\n<p>&nbsp;<\/p>\n<p><strong>Onsdag:<br \/>\n<\/strong><\/p>\n<div class=\"wprm-recipe wprm-recipe-roundup-item wprm-recipe-roundup-item-63129 wprm-recipe-template-svensk-roundup\" data-servings=\"4\"><div class=\"wprm-recipe-roundup-summary-container\">\n    <span class=\"wprm-recipe-name wprm-block-text-bold\">Vegetarisk carbonara med \u00e4rtor<\/span>\n    <div class=\"wprm-spacer\"><\/div>\n    \n    <div class=\"wprm-spacer\"><\/div>\n<span class=\"wprm-recipe-time wprm-block-text-normal\"><span class=\"wprm-recipe-details wprm-recipe-details-minutes wprm-recipe-total_time wprm-recipe-total_time-minutes\">20<\/span> <span class=\"wprm-recipe-details-unit wprm-recipe-details-minutes wprm-recipe-total_time-unit wprm-recipe-total_timeunit-minutes\">mins<\/span><\/span>\n<div class=\"wprm-spacer\"><\/div>\n    <a href=\"https:\/\/ingmar.app\/blogg\/vegetarisk-carbonara-med-artor\/\" style=\"color: #ffffff;background-color: #1dbf73;border-color: #1dbf73;border-radius: 5px;padding: 5px 10px;\" class=\"wprm-recipe-roundup-link wprm-recipe-link wprm-block-text-normal wprm-recipe-roundup-link-inline-button wprm-recipe-link-inline-button wprm-color-accent\" aria-label=\"Vegetarisk carbonara med \u00e4rtor\">Kolla in receptet h\u00e4r<\/a>\n\n<\/div>\n<div class=\"wprm-recipe-image wprm-block-image-rounded\"><a href=\"https:\/\/ingmar.app\/blogg\/vegetarisk-carbonara-med-artor\/\"><img decoding=\"async\" style=\"border-width: 0px;border-style: solid;border-color: #666666;border-radius: 5px;\" width=\"200\" height=\"200\" src=\"https:\/\/ingmar.app\/blogg\/wp-content\/uploads\/2022\/09\/Vegetarisk-carbonara-med-a\u0308rtor-320x321.jpg\" class=\"attachment-200x200 size-200x200\" alt=\"Vegetarisk carbonara med a\u0308rtor\" srcset=\"https:\/\/ingmar.app\/blogg\/wp-content\/uploads\/2022\/09\/Vegetarisk-carbonara-med-a\u0308rtor-320x321.jpg 320w, https:\/\/ingmar.app\/blogg\/wp-content\/uploads\/2022\/09\/Vegetarisk-carbonara-med-a\u0308rtor-150x150.jpg 150w, https:\/\/ingmar.app\/blogg\/wp-content\/uploads\/2022\/09\/Vegetarisk-carbonara-med-a\u0308rtor-500x500.jpg 500w\" sizes=\"(max-width: 200px) 100vw, 200px\" \/><\/a><\/div><\/div>\n<p>&nbsp;<\/p>\n<p><strong>Torsdag:<br \/>\n<\/strong><\/p>\n<p>rester<\/p>\n<p>&nbsp;<\/p>\n<p><strong>Fredag:<\/strong><\/p>\n<p>\u00c5t ute<\/p>\n<p>&nbsp;<\/p>\n<p><strong>L\u00f6rdag lunch:<br \/>\n<\/strong><\/p>\n<div class=\"wprm-recipe wprm-recipe-roundup-item wprm-recipe-roundup-item-55926 wprm-recipe-template-svensk-roundup\" data-servings=\"4\"><div class=\"wprm-recipe-roundup-summary-container\">\n    <span class=\"wprm-recipe-name wprm-block-text-bold\">Varma mackor med mozzarella, tomat och basilika<\/span>\n    <div class=\"wprm-spacer\"><\/div>\n    <div class=\"wprm-recipe-summary wprm-block-text-normal\"><span style=\"display: block;\">Varma mackor \u00e4r definitivt ok som middag! Det k\u00e4nns ju lite som fusk, men det g\u00e5r snabbt, g\u00e5r att variera med vad man har hemma och alla blir m\u00e4tta och glada \ud83d\ude42<\/span><\/div>\n    <div class=\"wprm-spacer\"><\/div>\n<span class=\"wprm-recipe-time wprm-block-text-normal\"><span class=\"wprm-recipe-details wprm-recipe-details-minutes wprm-recipe-total_time wprm-recipe-total_time-minutes\">15<\/span> <span class=\"wprm-recipe-details-unit wprm-recipe-details-minutes wprm-recipe-total_time-unit wprm-recipe-total_timeunit-minutes\">mins<\/span><\/span>\n<div class=\"wprm-spacer\"><\/div>\n    <a href=\"https:\/\/ingmar.app\/blogg\/varma-mackor-i-ugn-mozzarella-tomat-basilika\/\" style=\"color: #ffffff;background-color: #1dbf73;border-color: #1dbf73;border-radius: 5px;padding: 5px 10px;\" class=\"wprm-recipe-roundup-link wprm-recipe-link wprm-block-text-normal wprm-recipe-roundup-link-inline-button wprm-recipe-link-inline-button wprm-color-accent\" aria-label=\"Varma mackor med mozzarella, tomat och basilika\">Kolla in receptet h\u00e4r<\/a>\n\n<\/div>\n<div class=\"wprm-recipe-image wprm-block-image-rounded\"><a href=\"https:\/\/ingmar.app\/blogg\/varma-mackor-i-ugn-mozzarella-tomat-basilika\/\"><img decoding=\"async\" style=\"border-width: 0px;border-style: solid;border-color: #666666;border-radius: 5px;\" width=\"200\" height=\"200\" src=\"https:\/\/ingmar.app\/blogg\/wp-content\/uploads\/2021\/08\/Varma-mackor-med-tomat-och-mozzarella-320x321.jpg\" class=\"attachment-200x200 size-200x200\" alt=\"Varma mackor med tomat och mozzarella\" srcset=\"https:\/\/ingmar.app\/blogg\/wp-content\/uploads\/2021\/08\/Varma-mackor-med-tomat-och-mozzarella-320x321.jpg 320w, https:\/\/ingmar.app\/blogg\/wp-content\/uploads\/2021\/08\/Varma-mackor-med-tomat-och-mozzarella-100x100.jpg 100w, https:\/\/ingmar.app\/blogg\/wp-content\/uploads\/2021\/08\/Varma-mackor-med-tomat-och-mozzarella-150x150.jpg 150w, https:\/\/ingmar.app\/blogg\/wp-content\/uploads\/2021\/08\/Varma-mackor-med-tomat-och-mozzarella-500x500.jpg 500w\" sizes=\"(max-width: 200px) 100vw, 200px\" \/><\/a><\/div><\/div>\n<p>&nbsp;<\/p>\n<p><strong>L\u00f6rdag middag:<br \/>\n<\/strong><\/p>\n<div class=\"wprm-recipe wprm-recipe-roundup-item wprm-recipe-roundup-item-51971 wprm-recipe-template-svensk-roundup\" data-servings=\"4\"><div class=\"wprm-recipe-roundup-summary-container\">\n    <span class=\"wprm-recipe-name wprm-block-text-bold\">Palak paneer med halloumi<\/span>\n    <div class=\"wprm-spacer\"><\/div>\n    <div class=\"wprm-recipe-summary wprm-block-text-normal\"><span style=\"display: block;\">H\u00e4r \u00e4r ett supersnabbt och gott recept p\u00e5 palak paneer (eller snarare palak halloumi). Det h\u00e4r receptet inneh\u00e5ller halloumi ist\u00e4llet f\u00f6r riktig paneer-ost.<\/span><\/div>\n    <div class=\"wprm-spacer\"><\/div>\n<span class=\"wprm-recipe-time wprm-block-text-normal\"><span class=\"wprm-recipe-details wprm-recipe-details-minutes wprm-recipe-total_time wprm-recipe-total_time-minutes\">30<\/span> <span class=\"wprm-recipe-details-unit wprm-recipe-details-minutes wprm-recipe-total_time-unit wprm-recipe-total_timeunit-minutes\">mins<\/span><\/span>\n<div class=\"wprm-spacer\"><\/div>\n    <a href=\"https:\/\/ingmar.app\/blogg\/palak-paneer-med-halloumi\/\" style=\"color: #ffffff;background-color: #1dbf73;border-color: #1dbf73;border-radius: 5px;padding: 5px 10px;\" class=\"wprm-recipe-roundup-link wprm-recipe-link wprm-block-text-normal wprm-recipe-roundup-link-inline-button wprm-recipe-link-inline-button wprm-color-accent\" aria-label=\"Palak paneer med halloumi\">Kolla in receptet h\u00e4r<\/a>\n\n<\/div>\n<div class=\"wprm-recipe-image wprm-block-image-rounded\"><a href=\"https:\/\/ingmar.app\/blogg\/palak-paneer-med-halloumi\/\"><img decoding=\"async\" style=\"border-width: 0px;border-style: solid;border-color: #666666;border-radius: 5px;\" width=\"200\" height=\"200\" src=\"https:\/\/ingmar.app\/blogg\/wp-content\/uploads\/2017\/08\/Palak-paneer-with-halloumi2-450x450.jpg\" class=\"attachment-200x200 size-200x200\" alt=\"Palak paneer med halloumi\" srcset=\"https:\/\/ingmar.app\/blogg\/wp-content\/uploads\/2017\/08\/Palak-paneer-with-halloumi2-450x450.jpg 450w, https:\/\/ingmar.app\/blogg\/wp-content\/uploads\/2017\/08\/Palak-paneer-with-halloumi2-100x100.jpg 100w, https:\/\/ingmar.app\/blogg\/wp-content\/uploads\/2017\/08\/Palak-paneer-with-halloumi2-150x150.jpg 150w\" sizes=\"(max-width: 200px) 100vw, 200px\" \/><\/a><\/div><\/div>\n<p>&nbsp;<\/p>\n<p><strong>S\u00f6ndag lunch<\/strong><\/p>\n<div class=\"wprm-recipe wprm-recipe-roundup-item wprm-recipe-roundup-item-51479 wprm-recipe-template-svensk-roundup\" data-servings=\"4\"><div class=\"wprm-recipe-roundup-summary-container\">\n    <span class=\"wprm-recipe-name wprm-block-text-bold\">Havregrynsgr\u00f6t grundrecept med flera variationer<\/span>\n    <div class=\"wprm-spacer\"><\/div>\n    <div class=\"wprm-recipe-summary wprm-block-text-normal\"><span style=\"display: block;\">H\u00e4r hittar du en massa s\u00e4tt att variera gr\u00f6ten samt olika toppings som inte bara \u00e4r sylt. Ha t.ex. i russing och rivet \u00e4pple, toppa med banan, frusna bl\u00e5b\u00e4r och kokosflingor.<\/span><\/div>\n    <div class=\"wprm-spacer\"><\/div>\n<span class=\"wprm-recipe-time wprm-block-text-normal\"><span class=\"wprm-recipe-details wprm-recipe-details-minutes wprm-recipe-total_time wprm-recipe-total_time-minutes\">8<\/span> <span class=\"wprm-recipe-details-unit wprm-recipe-details-minutes wprm-recipe-total_time-unit wprm-recipe-total_timeunit-minutes\">mins<\/span><\/span>\n<div class=\"wprm-spacer\"><\/div>\n    <a href=\"https:\/\/ingmar.app\/blogg\/havregrynsgrot-grundrecept-med-flera-variationer\/\" style=\"color: #ffffff;background-color: #1dbf73;border-color: #1dbf73;border-radius: 5px;padding: 5px 10px;\" class=\"wprm-recipe-roundup-link wprm-recipe-link wprm-block-text-normal wprm-recipe-roundup-link-inline-button wprm-recipe-link-inline-button wprm-color-accent\" aria-label=\"Havregrynsgr\u00f6t grundrecept med flera variationer\">Kolla in receptet h\u00e4r<\/a>\n\n<\/div>\n<div class=\"wprm-recipe-image wprm-block-image-rounded\"><a href=\"https:\/\/ingmar.app\/blogg\/havregrynsgrot-grundrecept-med-flera-variationer\/\"><img decoding=\"async\" style=\"border-width: 0px;border-style: solid;border-color: #666666;border-radius: 5px;\" width=\"200\" height=\"200\" src=\"https:\/\/ingmar.app\/blogg\/wp-content\/uploads\/2021\/02\/Havregrynsgro\u0308t-med-bla\u030aba\u0308r-320x321.jpg\" class=\"attachment-200x200 size-200x200\" alt=\"Havregrynsgro\u0308t med bla\u030aba\u0308r\" srcset=\"https:\/\/ingmar.app\/blogg\/wp-content\/uploads\/2021\/02\/Havregrynsgro\u0308t-med-bla\u030aba\u0308r-320x321.jpg 320w, https:\/\/ingmar.app\/blogg\/wp-content\/uploads\/2021\/02\/Havregrynsgro\u0308t-med-bla\u030aba\u0308r-100x100.jpg 100w, https:\/\/ingmar.app\/blogg\/wp-content\/uploads\/2021\/02\/Havregrynsgro\u0308t-med-bla\u030aba\u0308r-150x150.jpg 150w\" sizes=\"(max-width: 200px) 100vw, 200px\" \/><\/a><\/div><\/div>\n<p>&nbsp;<\/p>\n<p><strong>S\u00f6ndag middag<br \/>\n<\/strong><\/p>\n<div class=\"wprm-recipe wprm-recipe-roundup-item wprm-recipe-roundup-item-63141 wprm-recipe-template-svensk-roundup\" data-servings=\"4\"><div class=\"wprm-recipe-roundup-summary-container\">\n    <span class=\"wprm-recipe-name wprm-block-text-bold\">K\u00f6ttf\u00e4rsfrestelse<\/span>\n    <div class=\"wprm-spacer\"><\/div>\n    \n    <div class=\"wprm-spacer\"><\/div>\n<span class=\"wprm-recipe-time wprm-block-text-normal\"><span class=\"wprm-recipe-details wprm-recipe-details-hours wprm-recipe-total_time wprm-recipe-total_time-hours\">1<\/span> <span class=\"wprm-recipe-details-unit wprm-recipe-details-unit-hours wprm-recipe-total_time-unit wprm-recipe-total_timeunit-hours\">hr<\/span> <span class=\"wprm-recipe-details wprm-recipe-details-minutes wprm-recipe-total_time wprm-recipe-total_time-minutes\">10<\/span> <span class=\"wprm-recipe-details-unit wprm-recipe-details-minutes wprm-recipe-total_time-unit wprm-recipe-total_timeunit-minutes\">mins<\/span><\/span>\n<div class=\"wprm-spacer\"><\/div>\n    <a href=\"https:\/\/ingmar.app\/blogg\/kottfarsfrestelse\/\" style=\"color: #ffffff;background-color: #1dbf73;border-color: #1dbf73;border-radius: 5px;padding: 5px 10px;\" class=\"wprm-recipe-roundup-link wprm-recipe-link wprm-block-text-normal wprm-recipe-roundup-link-inline-button wprm-recipe-link-inline-button wprm-color-accent\" aria-label=\"K\u00f6ttf\u00e4rsfrestelse\">Kolla in receptet h\u00e4r<\/a>\n\n<\/div>\n<div class=\"wprm-recipe-image wprm-block-image-rounded\"><a href=\"https:\/\/ingmar.app\/blogg\/kottfarsfrestelse\/\"><img decoding=\"async\" style=\"border-width: 0px;border-style: solid;border-color: #666666;border-radius: 5px;\" width=\"200\" height=\"200\" src=\"https:\/\/ingmar.app\/blogg\/wp-content\/uploads\/2022\/09\/Ko\u0308ttfa\u0308rsfrestelse-320x321.jpg\" class=\"attachment-200x200 size-200x200\" alt=\"Ko\u0308ttfa\u0308rsfrestelse\" srcset=\"https:\/\/ingmar.app\/blogg\/wp-content\/uploads\/2022\/09\/Ko\u0308ttfa\u0308rsfrestelse-320x321.jpg 320w, https:\/\/ingmar.app\/blogg\/wp-content\/uploads\/2022\/09\/Ko\u0308ttfa\u0308rsfrestelse-150x150.jpg 150w, https:\/\/ingmar.app\/blogg\/wp-content\/uploads\/2022\/09\/Ko\u0308ttfa\u0308rsfrestelse-500x500.jpg 500w\" sizes=\"(max-width: 200px) 100vw, 200px\" \/><\/a><\/div><\/div>\n<p>&nbsp;<\/p>\n<p>&nbsp;<\/p>\n<h3>Tidigare veckomatsedlar<\/h3>\n<p><a href=\"https:\/\/ingmar.app\/blogg\/veckomatsedel-vecka-9\/\">Veckomatsedel f\u00f6r vecka 9<\/a><\/p>\n<p><a href=\"https:\/\/ingmar.app\/blogg\/veckomatsedel-vecka-10\/\">Veckomatsedel f\u00f6r vecka 10<\/a><\/p>\n<p><a href=\"https:\/\/ingmar.app\/blogg\/veckomatsedel-vecka-11\/\">Veckomatsedel f\u00f6r vecka 11<\/a><\/p>\n<p><a href=\"https:\/\/ingmar.app\/blogg\/veckomatsedel-vecka-12\/\">Veckomatsedel f\u00f6r vecka 12<\/a><\/p>\n<p><a href=\"https:\/\/ingmar.app\/blogg\/veckomatsedel-vecka-13\/\">Veckomatsedel f\u00f6r vecka 13<\/a><\/p>\n<p><a href=\"https:\/\/ingmar.app\/blogg\/veckomatsedel-vecka-14\/\">Veckomatsedel f\u00f6r vecka 14<\/a><\/p>\n<p><a href=\"https:\/\/ingmar.app\/blogg\/veckomatsedel-vecka-15\/\">Veckomatsedel f\u00f6r vecka 15<\/a><\/p>\n<p><a href=\"https:\/\/ingmar.app\/blogg\/veckomatsedel-vecka-16\/\">Veckomatsedel f\u00f6r vecka 16<\/a><\/p>\n<p><a href=\"https:\/\/ingmar.app\/blogg\/veckomatsedel-vecka-17\/\">Veckomatsedel f\u00f6r vecka 17<\/a><\/p>\n<p><a href=\"https:\/\/ingmar.app\/blogg\/veckomatsedel-vecka-18\/\">Veckomatsedel f\u00f6r vecka 18<\/a><\/p>\n<p><a href=\"https:\/\/ingmar.app\/blogg\/veckomatsedel-vecka-19\/\">Veckomatsedel f\u00f6r vecka 19<\/a><\/p>\n<p><a href=\"https:\/\/ingmar.app\/blogg\/veckomatsedel-vecka-20\/\">Veckomatsedel f\u00f6r vecka 20<\/a><\/p>\n<p><a href=\"https:\/\/ingmar.app\/blogg\/veckomatsedel-vecka-21\/\">Veckomatsedel f\u00f6r vecka 21<\/a><\/p>\n<p><a href=\"https:\/\/ingmar.app\/blogg\/veckomatsedel-vecka-22\/\">Veckomatsedel f\u00f6r vecka 22<\/a><\/p>\n<p><a href=\"https:\/\/ingmar.app\/blogg\/veckomatsedel-vecka-23\/\">Veckomatsedel f\u00f6r vecka 23<\/a><\/p>\n<p><a href=\"https:\/\/ingmar.app\/blogg\/veckomatsedel-vecka-24\/\">Veckomatsedel f\u00f6r vecka 24<\/a><\/p>\n<p><a href=\"https:\/\/ingmar.app\/blogg\/veckomatsedel-vecka-33\/\">Veckomatsedel f\u00f6r vecka 33<\/a><\/p>\n<p><a href=\"https:\/\/ingmar.app\/blogg\/veckomatsedel-vecka-34\/\">Veckomatsedel f\u00f6r vecka 34<\/a><\/p>\n<p><a href=\"https:\/\/ingmar.app\/blogg\/veckomatsedel-vecka-35\/\">Veckomatsedel f\u00f6r vecka 35<\/a><\/p>\n<p><a href=\"https:\/\/ingmar.app\/blogg\/veckomatsedel-vecka-36\/\">Veckomatsedel f\u00f6r vecka 36<\/a><\/p>\n<p>&nbsp;<\/p>\n<p><strong>Missa inte att kolla in p\u00e5 v\u00e5r stora lista med\u00a0<a href=\"https:\/\/ingmar.app\/blogg\/middagstips-barn-lista-med-vardagsmat-for-barnfamiljer\/\">Middagstips<\/a>\u00a0f\u00f6r barnfamiljer. Vill du f\u00e5 mer kontinuerlig inspiration och tips av andra barnfamiljer s\u00e5 g\u00e5 d\u00e5 med i v\u00e5r Facebookgrupp:\u00a0<a href=\"https:\/\/www.facebook.com\/groups\/middagstipsbarn\" target=\"_blank\" rel=\"noopener\" class=\"broken_link\">Middagstips barn.<\/a><\/strong><\/p>\n","protected":false},"excerpt":{"rendered":"<p>Nedan veckomeny \u00e4r vad vi har \u00e4tit i veckan. Men kika g\u00e4rna in dessa veckomatsedlar: B\u00e4sta veckomatsedlarna f\u00f6r barnfamiljer B\u00e4sta veckomatsedlar husmanskost Vill du ha en egen mall f\u00f6r din veckoplanering s\u00e5 kolla in dessa snygga\u00a0mallar f\u00f6r veckomatsedel\u00a0du kan skriva ut. Veckomeny barn i vecka 38 M\u00e5ndag: Pasta med tomats\u00e5s och kalkonbacon &nbsp; Tisdag: &nbsp;&#8230;<\/p>\n<p><a class=\"more-link\" href=\"https:\/\/ingmar.app\/blogg\/veckomatsedel-vecka-38\/\">L\u00e4s mer<\/a><\/p>\n","protected":false},"author":1,"featured_media":0,"comment_status":"open","ping_status":"open","sticky":false,"template":"","format":"standard","meta":{"wprm-recipe-roundup-name":"","wprm-recipe-roundup-description":"","_genesis_hide_title":false,"_genesis_hide_breadcrumbs":false,"_genesis_hide_singular_image":false,"_genesis_hide_footer_widgets":false,"_genesis_custom_body_class":"","_genesis_custom_post_class":"","_genesis_layout":"","footnotes":""},"categories":[3335],"tags":[],"class_list":{"0":"post-63166","1":"post","2":"type-post","3":"status-publish","4":"format-standard","6":"category-veckomatsedel","7":"entry"},"jetpack_featured_media_url":"","jetpack-related-posts":[{"id":61397,"url":"https:\/\/ingmar.app\/blogg\/veckomatsedel-vecka-11\/","url_meta":{"origin":63166,"position":0},"title":"Veckomatsedel barnfamilj vecka 11","date":"March 20, 2022","format":false,"excerpt":"Nedan veckomeny \u00e4r vad vi har \u00e4tit i veckan. Men kika g\u00e4rna in dessa veckomatsedlar: B\u00e4sta veckomatsedlarna f\u00f6r barnfamiljer B\u00e4sta veckomatsedlar husmanskost Vill du ha en egen mall f\u00f6r din veckoplanering s\u00e5 kolla in dessa snygga\u00a0mallar f\u00f6r veckomatsedel\u00a0du kan skriva ut. Veckomeny barn i vecka 11 M\u00e5ndag: \u00a0 Tisdag: \u00a0\u2026","rel":"","context":"In &quot;Veckomatsedel&quot;","img":{"alt_text":"","src":"","width":0,"height":0},"classes":[]},{"id":61447,"url":"https:\/\/ingmar.app\/blogg\/veckomatsedel-vecka-12\/","url_meta":{"origin":63166,"position":1},"title":"Veckomatsedel barnfamilj vecka 12","date":"March 27, 2022","format":false,"excerpt":"Nedan veckomeny \u00e4r vad vi har \u00e4tit i veckan. Men kika g\u00e4rna in dessa veckomatsedlar: B\u00e4sta veckomatsedlarna f\u00f6r barnfamiljer B\u00e4sta veckomatsedlar husmanskost Vill du ha en egen mall f\u00f6r din veckoplanering s\u00e5 kolla in dessa snygga\u00a0mallar f\u00f6r veckomatsedel\u00a0du kan skriva ut. Veckomeny barn i vecka 12 M\u00e5ndag: R\u00e5stekt potatis med\u2026","rel":"","context":"In &quot;Veckomatsedel&quot;","img":{"alt_text":"","src":"","width":0,"height":0},"classes":[]},{"id":62020,"url":"https:\/\/ingmar.app\/blogg\/veckomatsedel-vecka-22\/","url_meta":{"origin":63166,"position":2},"title":"Veckomatsedel barnfamilj vecka 22","date":"June 7, 2022","format":false,"excerpt":"Nedan veckomeny \u00e4r vad vi har \u00e4tit i veckan. Men kika g\u00e4rna in dessa veckomatsedlar: B\u00e4sta veckomatsedlarna f\u00f6r barnfamiljer B\u00e4sta veckomatsedlar husmanskost Vill du ha en egen mall f\u00f6r din veckoplanering s\u00e5 kolla in dessa snygga\u00a0mallar f\u00f6r veckomatsedel\u00a0du kan skriva ut. Veckomeny barn i vecka 22 M\u00e5ndag: \u00a0 Tisdag: \u00a0\u2026","rel":"","context":"In &quot;Veckomatsedel&quot;","img":{"alt_text":"","src":"","width":0,"height":0},"classes":[]},{"id":63514,"url":"https:\/\/ingmar.app\/blogg\/veckomatsedel-vecka-47\/","url_meta":{"origin":63166,"position":3},"title":"Veckomatsedel barnfamilj vecka 47","date":"November 28, 2022","format":false,"excerpt":"Nedan veckomeny \u00e4r vad vi har \u00e4tit i veckan. Men kika g\u00e4rna in dessa veckomatsedlar: B\u00e4sta veckomatsedlarna f\u00f6r barnfamiljer B\u00e4sta veckomatsedlar husmanskost Vill du ha en egen mall f\u00f6r din veckoplanering s\u00e5 kolla in dessa snygga\u00a0mallar f\u00f6r veckomatsedel\u00a0du kan skriva ut. Veckomeny barn i vecka 47 M\u00e5ndag: \u00a0 Tisdag: \u00a0\u2026","rel":"","context":"In &quot;Veckomatsedel&quot;","img":{"alt_text":"","src":"","width":0,"height":0},"classes":[]},{"id":62103,"url":"https:\/\/ingmar.app\/blogg\/veckomatsedel-vecka-23\/","url_meta":{"origin":63166,"position":4},"title":"Veckomatsedel barnfamilj vecka 23","date":"June 12, 2022","format":false,"excerpt":"Nedan veckomeny \u00e4r vad vi har \u00e4tit i veckan. Men kika g\u00e4rna in dessa veckomatsedlar: B\u00e4sta veckomatsedlarna f\u00f6r barnfamiljer B\u00e4sta veckomatsedlar husmanskost Vill du ha en egen mall f\u00f6r din veckoplanering s\u00e5 kolla in dessa snygga\u00a0mallar f\u00f6r veckomatsedel\u00a0du kan skriva ut. Veckomeny barn i vecka 23 M\u00e5ndag: \u00a0 Tisdag: \u00a0\u2026","rel":"","context":"In &quot;Veckomatsedel&quot;","img":{"alt_text":"","src":"","width":0,"height":0},"classes":[]},{"id":61945,"url":"https:\/\/ingmar.app\/blogg\/veckomatsedel-vecka-20\/","url_meta":{"origin":63166,"position":5},"title":"Veckomatsedel barnfamilj vecka 20","date":"May 23, 2022","format":false,"excerpt":"Nedan veckomeny \u00e4r vad vi har \u00e4tit i veckan. Men kika g\u00e4rna in dessa veckomatsedlar: B\u00e4sta veckomatsedlarna f\u00f6r barnfamiljer B\u00e4sta veckomatsedlar husmanskost Vill du ha en egen mall f\u00f6r din veckoplanering s\u00e5 kolla in dessa snygga\u00a0mallar f\u00f6r veckomatsedel\u00a0du kan skriva ut. Veckomeny barn i vecka 20 M\u00e5ndag: \u00a0 Tisdag: \u00a0\u2026","rel":"","context":"In &quot;Veckomatsedel&quot;","img":{"alt_text":"","src":"","width":0,"height":0},"classes":[]}],"_links":{"self":[{"href":"https:\/\/ingmar.app\/blogg\/wp-json\/wp\/v2\/posts\/63166","targetHints":{"allow":["GET"]}}],"collection":[{"href":"https:\/\/ingmar.app\/blogg\/wp-json\/wp\/v2\/posts"}],"about":[{"href":"https:\/\/ingmar.app\/blogg\/wp-json\/wp\/v2\/types\/post"}],"author":[{"embeddable":true,"href":"https:\/\/ingmar.app\/blogg\/wp-json\/wp\/v2\/users\/1"}],"replies":[{"embeddable":true,"href":"https:\/\/ingmar.app\/blogg\/wp-json\/wp\/v2\/comments?post=63166"}],"version-history":[{"count":3,"href":"https:\/\/ingmar.app\/blogg\/wp-json\/wp\/v2\/posts\/63166\/revisions"}],"predecessor-version":[{"id":63169,"href":"https:\/\/ingmar.app\/blogg\/wp-json\/wp\/v2\/posts\/63166\/revisions\/63169"}],"wp:attachment":[{"href":"https:\/\/ingmar.app\/blogg\/wp-json\/wp\/v2\/media?parent=63166"}],"wp:term":[{"taxonomy":"category","embeddable":true,"href":"https:\/\/ingmar.app\/blogg\/wp-json\/wp\/v2\/categories?post=63166"},{"taxonomy":"post_tag","embeddable":true,"href":"https:\/\/ingmar.app\/blogg\/wp-json\/wp\/v2\/tags?post=63166"}],"curies":[{"name":"wp","href":"https:\/\/api.w.org\/{rel}","templated":true}]}}